{"id":10846,"date":"2023-02-13T17:04:56","date_gmt":"2023-02-13T15:04:56","guid":{"rendered":"https:\/\/masramoneda.vunkers.com\/?p=10846"},"modified":"2025-03-04T22:43:27","modified_gmt":"2025-03-04T20:43:27","slug":"ramon-ros-propietario-de-mas-ramoneda-estuvo-en-ua1-radio-en-1045","status":"publish","type":"post","link":"https:\/\/masramoneda.com\/es\/2023\/02\/13\/ramon-ros-propietario-de-mas-ramoneda-estuvo-en-ua1-radio-en-1045\/","title":{"rendered":"Ram\u00f3n Ros, propietario de Mas Ramoneda, en la UA1 r\u00e0dio (104.5)."},"content":{"rendered":"\n<p>Entrevistado por el periodista Pau Echauz en su programa &#8220;Arrela&#8221; (Los s\u00e1bados a las 9h y domingos a las 12h). Puede escucharlo de nuevo\u00a0<a href=\"http:\/\/www.ros1.com\/audios\/MAs%20RamonedaenArrela10_23-11-12pod.mp3\">en este enlaze.<\/a><\/p>\n\n\n\n<p>Es el espacio de UA1 Radio pensado para los agricultores y gente interesada por la agricultura y la ganader\u00eda, donde se ofrecen entrevistas de actualidad del mundo agrario con la gente que trabaja directamente en el campo, asociaciones agrarias, investigadores, representantes pol\u00edticos. Tambi\u00e9n se hace un repaso de las noticias agrarias m\u00e1s importantes de la semana y se da voz a las ferias especializadas en este sector que se realizan en nuestras comarcas.<\/p>\n","protected":false},"excerpt":{"rendered":"<p>Entrevistado por el periodista Pau Echauz en su programa &#8220;Arrela&#8221; (Los s\u00e1bados a las 9h y domingos a las 12h). Puede escucharlo de nuevo\u00a0en este enlaze. Es el espacio de UA1 Radio pensado para los agricultores y gente interesada por la agricultura y la ganader\u00eda, donde se ofrecen entrevistas de actualidad del mundo agrario con [&hellip;]<\/p>\n","protected":false},"author":2,"featured_media":10847,"comment_status":"open","ping_status":"open","sticky":false,"template":"","format":"standard","meta":{"footnotes":""},"categories":[119],"tags":[],"class_list":["post-10846","post","type-post","status-publish","format-standard","has-post-thumbnail","hentry","category-blog"],"yoast_head":"<!-- This site is optimized with the Yoast SEO plugin v27.3 - https:\/\/yoast.com\/product\/yoast-seo-wordpress\/ -->\n<title>Ram\u00f3n Ros, propietario de Mas Ramoneda, en la UA1 r\u00e0dio (104.5). - Celler Mas Ramoneda<\/title>\n<meta name=\"robots\" content=\"index, follow, max-snippet:-1, max-image-preview:large, max-video-preview:-1\" \/>\n<link rel=\"canonical\" href=\"https:\/\/masramoneda.com\/es\/2023\/02\/13\/ramon-ros-propietario-de-mas-ramoneda-estuvo-en-ua1-radio-en-1045\/\" \/>\n<meta property=\"og:locale\" content=\"es_ES\" \/>\n<meta property=\"og:type\" content=\"article\" \/>\n<meta property=\"og:title\" content=\"Ram\u00f3n Ros, propietario de Mas Ramoneda, en la UA1 r\u00e0dio (104.5). - Celler Mas Ramoneda\" \/>\n<meta property=\"og:description\" content=\"Entrevistado por el periodista Pau Echauz en su programa &#8220;Arrela&#8221; (Los s\u00e1bados a las 9h y domingos a las 12h). Puede escucharlo de nuevo\u00a0en este enlaze. Es el espacio de UA1 Radio pensado para los agricultores y gente interesada por la agricultura y la ganader\u00eda, donde se ofrecen entrevistas de actualidad del mundo agrario con [&hellip;]\" \/>\n<meta property=\"og:url\" content=\"https:\/\/masramoneda.com\/es\/2023\/02\/13\/ramon-ros-propietario-de-mas-ramoneda-estuvo-en-ua1-radio-en-1045\/\" \/>\n<meta property=\"og:site_name\" content=\"Celler Mas Ramoneda\" \/>\n<meta property=\"article:publisher\" content=\"https:\/\/www.facebook.com\/masramoneda\" \/>\n<meta property=\"article:published_time\" content=\"2023-02-13T15:04:56+00:00\" \/>\n<meta property=\"article:modified_time\" content=\"2025-03-04T20:43:27+00:00\" \/>\n<meta property=\"og:image\" content=\"https:\/\/masramoneda.com\/wp-content\/uploads\/2023\/02\/9-single-default.jpg\" \/>\n\t<meta property=\"og:image:width\" content=\"870\" \/>\n\t<meta property=\"og:image:height\" content=\"569\" \/>\n\t<meta property=\"og:image:type\" content=\"image\/jpeg\" \/>\n<meta name=\"author\" content=\"Mas Ramoneda\" \/>\n<meta name=\"twitter:card\" content=\"summary_large_image\" \/>\n<meta name=\"twitter:label1\" content=\"Escrito por\" \/>\n\t<meta name=\"twitter:data1\" content=\"Mas Ramoneda\" \/>\n\t<meta name=\"twitter:label2\" content=\"Tiempo de lectura\" \/>\n\t<meta name=\"twitter:data2\" content=\"1 minuto\" \/>\n<script type=\"application\/ld+json\" class=\"yoast-schema-graph\">{\"@context\":\"https:\\\/\\\/schema.org\",\"@graph\":[{\"@type\":\"Article\",\"@id\":\"https:\\\/\\\/masramoneda.com\\\/es\\\/2023\\\/02\\\/13\\\/ramon-ros-propietario-de-mas-ramoneda-estuvo-en-ua1-radio-en-1045\\\/#article\",\"isPartOf\":{\"@id\":\"https:\\\/\\\/masramoneda.com\\\/es\\\/2023\\\/02\\\/13\\\/ramon-ros-propietario-de-mas-ramoneda-estuvo-en-ua1-radio-en-1045\\\/\"},\"author\":{\"name\":\"Mas Ramoneda\",\"@id\":\"https:\\\/\\\/masramoneda.com\\\/es\\\/#\\\/schema\\\/person\\\/943e53f9e75247847b37ad882b2abfbc\"},\"headline\":\"Ram\u00f3n Ros, propietario de Mas Ramoneda, en la UA1 r\u00e0dio (104.5).\",\"datePublished\":\"2023-02-13T15:04:56+00:00\",\"dateModified\":\"2025-03-04T20:43:27+00:00\",\"mainEntityOfPage\":{\"@id\":\"https:\\\/\\\/masramoneda.com\\\/es\\\/2023\\\/02\\\/13\\\/ramon-ros-propietario-de-mas-ramoneda-estuvo-en-ua1-radio-en-1045\\\/\"},\"wordCount\":117,\"commentCount\":0,\"publisher\":{\"@id\":\"https:\\\/\\\/masramoneda.com\\\/es\\\/#organization\"},\"image\":{\"@id\":\"https:\\\/\\\/masramoneda.com\\\/es\\\/2023\\\/02\\\/13\\\/ramon-ros-propietario-de-mas-ramoneda-estuvo-en-ua1-radio-en-1045\\\/#primaryimage\"},\"thumbnailUrl\":\"https:\\\/\\\/masramoneda.com\\\/wp-content\\\/uploads\\\/2023\\\/02\\\/9-single-default.jpg\",\"articleSection\":[\"Blog\"],\"inLanguage\":\"es\",\"potentialAction\":[{\"@type\":\"CommentAction\",\"name\":\"Comment\",\"target\":[\"https:\\\/\\\/masramoneda.com\\\/es\\\/2023\\\/02\\\/13\\\/ramon-ros-propietario-de-mas-ramoneda-estuvo-en-ua1-radio-en-1045\\\/#respond\"]}]},{\"@type\":\"WebPage\",\"@id\":\"https:\\\/\\\/masramoneda.com\\\/es\\\/2023\\\/02\\\/13\\\/ramon-ros-propietario-de-mas-ramoneda-estuvo-en-ua1-radio-en-1045\\\/\",\"url\":\"https:\\\/\\\/masramoneda.com\\\/es\\\/2023\\\/02\\\/13\\\/ramon-ros-propietario-de-mas-ramoneda-estuvo-en-ua1-radio-en-1045\\\/\",\"name\":\"Ram\u00f3n Ros, propietario de Mas Ramoneda, en la UA1 r\u00e0dio (104.5). - Celler Mas Ramoneda\",\"isPartOf\":{\"@id\":\"https:\\\/\\\/masramoneda.com\\\/es\\\/#website\"},\"primaryImageOfPage\":{\"@id\":\"https:\\\/\\\/masramoneda.com\\\/es\\\/2023\\\/02\\\/13\\\/ramon-ros-propietario-de-mas-ramoneda-estuvo-en-ua1-radio-en-1045\\\/#primaryimage\"},\"image\":{\"@id\":\"https:\\\/\\\/masramoneda.com\\\/es\\\/2023\\\/02\\\/13\\\/ramon-ros-propietario-de-mas-ramoneda-estuvo-en-ua1-radio-en-1045\\\/#primaryimage\"},\"thumbnailUrl\":\"https:\\\/\\\/masramoneda.com\\\/wp-content\\\/uploads\\\/2023\\\/02\\\/9-single-default.jpg\",\"datePublished\":\"2023-02-13T15:04:56+00:00\",\"dateModified\":\"2025-03-04T20:43:27+00:00\",\"breadcrumb\":{\"@id\":\"https:\\\/\\\/masramoneda.com\\\/es\\\/2023\\\/02\\\/13\\\/ramon-ros-propietario-de-mas-ramoneda-estuvo-en-ua1-radio-en-1045\\\/#breadcrumb\"},\"inLanguage\":\"es\",\"potentialAction\":[{\"@type\":\"ReadAction\",\"target\":[\"https:\\\/\\\/masramoneda.com\\\/es\\\/2023\\\/02\\\/13\\\/ramon-ros-propietario-de-mas-ramoneda-estuvo-en-ua1-radio-en-1045\\\/\"]}]},{\"@type\":\"ImageObject\",\"inLanguage\":\"es\",\"@id\":\"https:\\\/\\\/masramoneda.com\\\/es\\\/2023\\\/02\\\/13\\\/ramon-ros-propietario-de-mas-ramoneda-estuvo-en-ua1-radio-en-1045\\\/#primaryimage\",\"url\":\"https:\\\/\\\/masramoneda.com\\\/wp-content\\\/uploads\\\/2023\\\/02\\\/9-single-default.jpg\",\"contentUrl\":\"https:\\\/\\\/masramoneda.com\\\/wp-content\\\/uploads\\\/2023\\\/02\\\/9-single-default.jpg\",\"width\":870,\"height\":569},{\"@type\":\"BreadcrumbList\",\"@id\":\"https:\\\/\\\/masramoneda.com\\\/es\\\/2023\\\/02\\\/13\\\/ramon-ros-propietario-de-mas-ramoneda-estuvo-en-ua1-radio-en-1045\\\/#breadcrumb\",\"itemListElement\":[{\"@type\":\"ListItem\",\"position\":1,\"name\":\"Inicio\",\"item\":\"https:\\\/\\\/masramoneda.com\\\/es\\\/\"},{\"@type\":\"ListItem\",\"position\":2,\"name\":\"Ram\u00f3n Ros, propietario de Mas Ramoneda, en la UA1 r\u00e0dio (104.5).\"}]},{\"@type\":\"WebSite\",\"@id\":\"https:\\\/\\\/masramoneda.com\\\/es\\\/#website\",\"url\":\"https:\\\/\\\/masramoneda.com\\\/es\\\/\",\"name\":\"Celler Mas Ramoneda\",\"description\":\"\",\"publisher\":{\"@id\":\"https:\\\/\\\/masramoneda.com\\\/es\\\/#organization\"},\"potentialAction\":[{\"@type\":\"SearchAction\",\"target\":{\"@type\":\"EntryPoint\",\"urlTemplate\":\"https:\\\/\\\/masramoneda.com\\\/es\\\/?s={search_term_string}\"},\"query-input\":{\"@type\":\"PropertyValueSpecification\",\"valueRequired\":true,\"valueName\":\"search_term_string\"}}],\"inLanguage\":\"es\"},{\"@type\":\"Organization\",\"@id\":\"https:\\\/\\\/masramoneda.com\\\/es\\\/#organization\",\"name\":\"Celler Mas Ramoneda\",\"url\":\"https:\\\/\\\/masramoneda.com\\\/es\\\/\",\"logo\":{\"@type\":\"ImageObject\",\"inLanguage\":\"es\",\"@id\":\"https:\\\/\\\/masramoneda.com\\\/es\\\/#\\\/schema\\\/logo\\\/image\\\/\",\"url\":\"https:\\\/\\\/masramoneda.com\\\/wp-content\\\/uploads\\\/2023\\\/02\\\/celler-mas-ramoneda-logo.png\",\"contentUrl\":\"https:\\\/\\\/masramoneda.com\\\/wp-content\\\/uploads\\\/2023\\\/02\\\/celler-mas-ramoneda-logo.png\",\"width\":225,\"height\":96,\"caption\":\"Celler Mas Ramoneda\"},\"image\":{\"@id\":\"https:\\\/\\\/masramoneda.com\\\/es\\\/#\\\/schema\\\/logo\\\/image\\\/\"},\"sameAs\":[\"https:\\\/\\\/www.facebook.com\\\/masramoneda\",\"https:\\\/\\\/www.instagram.com\\\/masramoneda\\\/\",\"https:\\\/\\\/www.linkedin.com\\\/company\\\/masramoneda\\\/\"]},{\"@type\":\"Person\",\"@id\":\"https:\\\/\\\/masramoneda.com\\\/es\\\/#\\\/schema\\\/person\\\/943e53f9e75247847b37ad882b2abfbc\",\"name\":\"Mas Ramoneda\",\"image\":{\"@type\":\"ImageObject\",\"inLanguage\":\"es\",\"@id\":\"https:\\\/\\\/secure.gravatar.com\\\/avatar\\\/e0278349c52ea0a0b268d423cecb430fffaee4935c4c15f862b8ebd2a3871d37?s=96&d=mm&r=g\",\"url\":\"https:\\\/\\\/secure.gravatar.com\\\/avatar\\\/e0278349c52ea0a0b268d423cecb430fffaee4935c4c15f862b8ebd2a3871d37?s=96&d=mm&r=g\",\"contentUrl\":\"https:\\\/\\\/secure.gravatar.com\\\/avatar\\\/e0278349c52ea0a0b268d423cecb430fffaee4935c4c15f862b8ebd2a3871d37?s=96&d=mm&r=g\",\"caption\":\"Mas Ramoneda\"},\"url\":\"https:\\\/\\\/masramoneda.com\\\/es\\\/author\\\/mas-ramoneda\\\/\"}]}<\/script>\n<!-- \/ Yoast SEO plugin. -->","yoast_head_json":{"title":"Ram\u00f3n Ros, propietario de Mas Ramoneda, en la UA1 r\u00e0dio (104.5). - Celler Mas Ramoneda","robots":{"index":"index","follow":"follow","max-snippet":"max-snippet:-1","max-image-preview":"max-image-preview:large","max-video-preview":"max-video-preview:-1"},"canonical":"https:\/\/masramoneda.com\/es\/2023\/02\/13\/ramon-ros-propietario-de-mas-ramoneda-estuvo-en-ua1-radio-en-1045\/","og_locale":"es_ES","og_type":"article","og_title":"Ram\u00f3n Ros, propietario de Mas Ramoneda, en la UA1 r\u00e0dio (104.5). - Celler Mas Ramoneda","og_description":"Entrevistado por el periodista Pau Echauz en su programa &#8220;Arrela&#8221; (Los s\u00e1bados a las 9h y domingos a las 12h). Puede escucharlo de nuevo\u00a0en este enlaze. Es el espacio de UA1 Radio pensado para los agricultores y gente interesada por la agricultura y la ganader\u00eda, donde se ofrecen entrevistas de actualidad del mundo agrario con [&hellip;]","og_url":"https:\/\/masramoneda.com\/es\/2023\/02\/13\/ramon-ros-propietario-de-mas-ramoneda-estuvo-en-ua1-radio-en-1045\/","og_site_name":"Celler Mas Ramoneda","article_publisher":"https:\/\/www.facebook.com\/masramoneda","article_published_time":"2023-02-13T15:04:56+00:00","article_modified_time":"2025-03-04T20:43:27+00:00","og_image":[{"width":870,"height":569,"url":"https:\/\/masramoneda.com\/wp-content\/uploads\/2023\/02\/9-single-default.jpg","type":"image\/jpeg"}],"author":"Mas Ramoneda","twitter_card":"summary_large_image","twitter_misc":{"Escrito por":"Mas Ramoneda","Tiempo de lectura":"1 minuto"},"schema":{"@context":"https:\/\/schema.org","@graph":[{"@type":"Article","@id":"https:\/\/masramoneda.com\/es\/2023\/02\/13\/ramon-ros-propietario-de-mas-ramoneda-estuvo-en-ua1-radio-en-1045\/#article","isPartOf":{"@id":"https:\/\/masramoneda.com\/es\/2023\/02\/13\/ramon-ros-propietario-de-mas-ramoneda-estuvo-en-ua1-radio-en-1045\/"},"author":{"name":"Mas Ramoneda","@id":"https:\/\/masramoneda.com\/es\/#\/schema\/person\/943e53f9e75247847b37ad882b2abfbc"},"headline":"Ram\u00f3n Ros, propietario de Mas Ramoneda, en la UA1 r\u00e0dio (104.5).","datePublished":"2023-02-13T15:04:56+00:00","dateModified":"2025-03-04T20:43:27+00:00","mainEntityOfPage":{"@id":"https:\/\/masramoneda.com\/es\/2023\/02\/13\/ramon-ros-propietario-de-mas-ramoneda-estuvo-en-ua1-radio-en-1045\/"},"wordCount":117,"commentCount":0,"publisher":{"@id":"https:\/\/masramoneda.com\/es\/#organization"},"image":{"@id":"https:\/\/masramoneda.com\/es\/2023\/02\/13\/ramon-ros-propietario-de-mas-ramoneda-estuvo-en-ua1-radio-en-1045\/#primaryimage"},"thumbnailUrl":"https:\/\/masramoneda.com\/wp-content\/uploads\/2023\/02\/9-single-default.jpg","articleSection":["Blog"],"inLanguage":"es","potentialAction":[{"@type":"CommentAction","name":"Comment","target":["https:\/\/masramoneda.com\/es\/2023\/02\/13\/ramon-ros-propietario-de-mas-ramoneda-estuvo-en-ua1-radio-en-1045\/#respond"]}]},{"@type":"WebPage","@id":"https:\/\/masramoneda.com\/es\/2023\/02\/13\/ramon-ros-propietario-de-mas-ramoneda-estuvo-en-ua1-radio-en-1045\/","url":"https:\/\/masramoneda.com\/es\/2023\/02\/13\/ramon-ros-propietario-de-mas-ramoneda-estuvo-en-ua1-radio-en-1045\/","name":"Ram\u00f3n Ros, propietario de Mas Ramoneda, en la UA1 r\u00e0dio (104.5). - Celler Mas Ramoneda","isPartOf":{"@id":"https:\/\/masramoneda.com\/es\/#website"},"primaryImageOfPage":{"@id":"https:\/\/masramoneda.com\/es\/2023\/02\/13\/ramon-ros-propietario-de-mas-ramoneda-estuvo-en-ua1-radio-en-1045\/#primaryimage"},"image":{"@id":"https:\/\/masramoneda.com\/es\/2023\/02\/13\/ramon-ros-propietario-de-mas-ramoneda-estuvo-en-ua1-radio-en-1045\/#primaryimage"},"thumbnailUrl":"https:\/\/masramoneda.com\/wp-content\/uploads\/2023\/02\/9-single-default.jpg","datePublished":"2023-02-13T15:04:56+00:00","dateModified":"2025-03-04T20:43:27+00:00","breadcrumb":{"@id":"https:\/\/masramoneda.com\/es\/2023\/02\/13\/ramon-ros-propietario-de-mas-ramoneda-estuvo-en-ua1-radio-en-1045\/#breadcrumb"},"inLanguage":"es","potentialAction":[{"@type":"ReadAction","target":["https:\/\/masramoneda.com\/es\/2023\/02\/13\/ramon-ros-propietario-de-mas-ramoneda-estuvo-en-ua1-radio-en-1045\/"]}]},{"@type":"ImageObject","inLanguage":"es","@id":"https:\/\/masramoneda.com\/es\/2023\/02\/13\/ramon-ros-propietario-de-mas-ramoneda-estuvo-en-ua1-radio-en-1045\/#primaryimage","url":"https:\/\/masramoneda.com\/wp-content\/uploads\/2023\/02\/9-single-default.jpg","contentUrl":"https:\/\/masramoneda.com\/wp-content\/uploads\/2023\/02\/9-single-default.jpg","width":870,"height":569},{"@type":"BreadcrumbList","@id":"https:\/\/masramoneda.com\/es\/2023\/02\/13\/ramon-ros-propietario-de-mas-ramoneda-estuvo-en-ua1-radio-en-1045\/#breadcrumb","itemListElement":[{"@type":"ListItem","position":1,"name":"Inicio","item":"https:\/\/masramoneda.com\/es\/"},{"@type":"ListItem","position":2,"name":"Ram\u00f3n Ros, propietario de Mas Ramoneda, en la UA1 r\u00e0dio (104.5)."}]},{"@type":"WebSite","@id":"https:\/\/masramoneda.com\/es\/#website","url":"https:\/\/masramoneda.com\/es\/","name":"Celler Mas Ramoneda","description":"","publisher":{"@id":"https:\/\/masramoneda.com\/es\/#organization"},"potentialAction":[{"@type":"SearchAction","target":{"@type":"EntryPoint","urlTemplate":"https:\/\/masramoneda.com\/es\/?s={search_term_string}"},"query-input":{"@type":"PropertyValueSpecification","valueRequired":true,"valueName":"search_term_string"}}],"inLanguage":"es"},{"@type":"Organization","@id":"https:\/\/masramoneda.com\/es\/#organization","name":"Celler Mas Ramoneda","url":"https:\/\/masramoneda.com\/es\/","logo":{"@type":"ImageObject","inLanguage":"es","@id":"https:\/\/masramoneda.com\/es\/#\/schema\/logo\/image\/","url":"https:\/\/masramoneda.com\/wp-content\/uploads\/2023\/02\/celler-mas-ramoneda-logo.png","contentUrl":"https:\/\/masramoneda.com\/wp-content\/uploads\/2023\/02\/celler-mas-ramoneda-logo.png","width":225,"height":96,"caption":"Celler Mas Ramoneda"},"image":{"@id":"https:\/\/masramoneda.com\/es\/#\/schema\/logo\/image\/"},"sameAs":["https:\/\/www.facebook.com\/masramoneda","https:\/\/www.instagram.com\/masramoneda\/","https:\/\/www.linkedin.com\/company\/masramoneda\/"]},{"@type":"Person","@id":"https:\/\/masramoneda.com\/es\/#\/schema\/person\/943e53f9e75247847b37ad882b2abfbc","name":"Mas Ramoneda","image":{"@type":"ImageObject","inLanguage":"es","@id":"https:\/\/secure.gravatar.com\/avatar\/e0278349c52ea0a0b268d423cecb430fffaee4935c4c15f862b8ebd2a3871d37?s=96&d=mm&r=g","url":"https:\/\/secure.gravatar.com\/avatar\/e0278349c52ea0a0b268d423cecb430fffaee4935c4c15f862b8ebd2a3871d37?s=96&d=mm&r=g","contentUrl":"https:\/\/secure.gravatar.com\/avatar\/e0278349c52ea0a0b268d423cecb430fffaee4935c4c15f862b8ebd2a3871d37?s=96&d=mm&r=g","caption":"Mas Ramoneda"},"url":"https:\/\/masramoneda.com\/es\/author\/mas-ramoneda\/"}]}},"_links":{"self":[{"href":"https:\/\/masramoneda.com\/es\/wp-json\/wp\/v2\/posts\/10846","targetHints":{"allow":["GET"]}}],"collection":[{"href":"https:\/\/masramoneda.com\/es\/wp-json\/wp\/v2\/posts"}],"about":[{"href":"https:\/\/masramoneda.com\/es\/wp-json\/wp\/v2\/types\/post"}],"author":[{"embeddable":true,"href":"https:\/\/masramoneda.com\/es\/wp-json\/wp\/v2\/users\/2"}],"replies":[{"embeddable":true,"href":"https:\/\/masramoneda.com\/es\/wp-json\/wp\/v2\/comments?post=10846"}],"version-history":[{"count":3,"href":"https:\/\/masramoneda.com\/es\/wp-json\/wp\/v2\/posts\/10846\/revisions"}],"predecessor-version":[{"id":11680,"href":"https:\/\/masramoneda.com\/es\/wp-json\/wp\/v2\/posts\/10846\/revisions\/11680"}],"wp:featuredmedia":[{"embeddable":true,"href":"https:\/\/masramoneda.com\/es\/wp-json\/wp\/v2\/media\/10847"}],"wp:attachment":[{"href":"https:\/\/masramoneda.com\/es\/wp-json\/wp\/v2\/media?parent=10846"}],"wp:term":[{"taxonomy":"category","embeddable":true,"href":"https:\/\/masramoneda.com\/es\/wp-json\/wp\/v2\/categories?post=10846"},{"taxonomy":"post_tag","embeddable":true,"href":"https:\/\/masramoneda.com\/es\/wp-json\/wp\/v2\/tags?post=10846"}],"curies":[{"name":"wp","href":"https:\/\/api.w.org\/{rel}","templated":true}]}}